{"id":22798,"date":"2022-11-26T11:32:59","date_gmt":"2022-11-26T11:32:59","guid":{"rendered":"https:\/\/www.urbexstalker.com\/?p=22798"},"modified":"2022-11-26T11:33:01","modified_gmt":"2022-11-26T11:33:01","slug":"sanatorio-abbandonato-a-porto","status":"publish","type":"post","link":"https:\/\/www.urbexstalker.com\/it\/2022\/11\/26\/sanatorio-abbandonato-a-porto\/","title":{"rendered":"Sanatorio de Mont&#8217;alto"},"content":{"rendered":"\n<p class=\"wp-block-paragraph\">Il Sanat\u00f3rio de Valongo, in precedenza conosciuton come Sanat\u00f3rio de Mont&#8217;alto, si trova nel <strong>comune di Gondomar<\/strong>, a 30 minuti d\u2019auto dalla citt\u00e0 di <strong>Porto<\/strong>. Si erge su un terreno donato dalla <strong>famiglia S\u00e1<\/strong> a <strong>Serra de Santa Justa<\/strong>.<\/p>\n\n\n\n<figure class=\"wp-block-image size-large\"><img loading=\"lazy\" decoding=\"async\" width=\"1024\" height=\"683\" src=\"https:\/\/www.urbexstalker.com\/wp-content\/uploads\/2022\/11\/DSCF1688-1024x683.jpg\" alt=\"Sanatorio do Montalto\" class=\"wp-image-22775\" srcset=\"https:\/\/www.urbexstalker.com\/wp-content\/uploads\/2022\/11\/DSCF1688-1024x683.jpg 1024w, https:\/\/www.urbexstalker.com\/wp-content\/uploads\/2022\/11\/DSCF1688-300x200.jpg 300w, https:\/\/www.urbexstalker.com\/wp-content\/uploads\/2022\/11\/DSCF1688-768x512.jpg 768w, https:\/\/www.urbexstalker.com\/wp-content\/uploads\/2022\/11\/DSCF1688-1536x1024.jpg 1536w, https:\/\/www.urbexstalker.com\/wp-content\/uploads\/2022\/11\/DSCF1688.jpg 1920w\" sizes=\"auto, (max-width: 1024px) 100vw, 1024px\" \/><\/figure>\n\n\n\n<figure class=\"wp-block-image size-large\"><img loading=\"lazy\" decoding=\"async\" width=\"1024\" height=\"683\" src=\"https:\/\/www.urbexstalker.com\/wp-content\/uploads\/2022\/11\/DSCF1674-1024x683.jpg\" alt=\"Sanatorio do Montalto\" class=\"wp-image-22745\" srcset=\"https:\/\/www.urbexstalker.com\/wp-content\/uploads\/2022\/11\/DSCF1674-1024x683.jpg 1024w, https:\/\/www.urbexstalker.com\/wp-content\/uploads\/2022\/11\/DSCF1674-300x200.jpg 300w, https:\/\/www.urbexstalker.com\/wp-content\/uploads\/2022\/11\/DSCF1674-768x512.jpg 768w, https:\/\/www.urbexstalker.com\/wp-content\/uploads\/2022\/11\/DSCF1674-1536x1024.jpg 1536w, https:\/\/www.urbexstalker.com\/wp-content\/uploads\/2022\/11\/DSCF1674.jpg 1920w\" sizes=\"auto, (max-width: 1024px) 100vw, 1024px\" \/><\/figure>\n\n\n\n<h2 class=\"wp-block-heading\">Sanat\u00f3rio de Valongo<\/h2>\n\n\n\n<p class=\"wp-block-paragraph\">Il Sanat\u00f3rio de Valongo nasce con il professor <strong>Ant\u00f3nio El\u00edsio Lopes Rodrigues<\/strong>, responsabile nel 1930 della fondazione dell&#8217;<strong>Assist\u00eancia aos Tuberculosos do Norte de Portugal<\/strong> (ATNP) e viene progettato dal famoso architetto <strong>J\u00falio Jos\u00e9 de Britola<\/strong>.<\/p>\n\n\n\n<figure class=\"wp-block-image size-large\"><img loading=\"lazy\" decoding=\"async\" width=\"1024\" height=\"683\" src=\"https:\/\/www.urbexstalker.com\/wp-content\/uploads\/2022\/11\/DSCF1681-1024x683.jpg\" alt=\"Sanatorio do Montalto\" class=\"wp-image-22751\" srcset=\"https:\/\/www.urbexstalker.com\/wp-content\/uploads\/2022\/11\/DSCF1681-1024x683.jpg 1024w, https:\/\/www.urbexstalker.com\/wp-content\/uploads\/2022\/11\/DSCF1681-300x200.jpg 300w, https:\/\/www.urbexstalker.com\/wp-content\/uploads\/2022\/11\/DSCF1681-768x512.jpg 768w, https:\/\/www.urbexstalker.com\/wp-content\/uploads\/2022\/11\/DSCF1681-1536x1024.jpg 1536w, https:\/\/www.urbexstalker.com\/wp-content\/uploads\/2022\/11\/DSCF1681.jpg 1920w\" sizes=\"auto, (max-width: 1024px) 100vw, 1024px\" \/><\/figure>\n\n\n\n<h2 class=\"wp-block-heading\"><br>Tubercolosi<\/h2>\n\n\n\n<p class=\"wp-block-paragraph\"><br>Il sanatorio \u00e8 stato costruito in un periodo in cui la <strong><a href=\"https:\/\/www.mayoclinic.org\/diseases-conditions\/tuberculosis\/symptoms-causes\/syc-20351250\" rel=\"nofollow\">tubercolosi<\/a><\/strong> (una delle malattie con il <strong>pi\u00f9 alto tasso di mortalit\u00e0<\/strong> in Europa) dilagava in tutto il continente. Questi edifici avevano il fine di curare e isolare i pazienti in zone che fossero lontane dagli agglomerati urbani.<\/p>\n\n\n\n<figure class=\"wp-block-image size-large\"><img loading=\"lazy\" decoding=\"async\" width=\"1024\" height=\"683\" src=\"https:\/\/www.urbexstalker.com\/wp-content\/uploads\/2022\/11\/DSCF1690-1024x683.jpg\" alt=\"Sanatorio do Montalto\" class=\"wp-image-22754\" srcset=\"https:\/\/www.urbexstalker.com\/wp-content\/uploads\/2022\/11\/DSCF1690-1024x683.jpg 1024w, https:\/\/www.urbexstalker.com\/wp-content\/uploads\/2022\/11\/DSCF1690-300x200.jpg 300w, https:\/\/www.urbexstalker.com\/wp-content\/uploads\/2022\/11\/DSCF1690-768x512.jpg 768w, https:\/\/www.urbexstalker.com\/wp-content\/uploads\/2022\/11\/DSCF1690-1536x1024.jpg 1536w, https:\/\/www.urbexstalker.com\/wp-content\/uploads\/2022\/11\/DSCF1690.jpg 1920w\" sizes=\"auto, (max-width: 1024px) 100vw, 1024px\" \/><\/figure>\n\n\n\n<h3 class=\"wp-block-heading\"><br>La costruzione<\/h3>\n\n\n\n<p class=\"wp-block-paragraph\">La costruzione del Sanatorio di Mont&#8217;Alto ha il suo inizio nel <strong>1932<\/strong> durante l\u2019<strong><a href=\"https:\/\/it.wikipedia.org\/wiki\/Estado_Novo_(Portogallo)\" rel=\"nofollow\">Estado Novo<\/a><\/strong>, conosciuto anche come <strong>Seconda Repubblica portoghese<\/strong>, e viene <strong>inaugurato<\/strong> solamente nel <strong>1958<\/strong> dopo 26 anni di lunghi lavori. Questi rallentamenti erano dovuti principalmente alla mancanza di finanziamenti e investimenti.<\/p>\n\n\n\n<p class=\"wp-block-paragraph\">La tubercolosi viene controllata a partire dagli anni &#8217;70, quando diviene pi\u00f9 comune essere ricoverati in ambulatorio. I sanatori non avevano pi\u00f9 la stessa importanza dei luoghi di cura e di riposo e il sanatorio di Mont\u2019alto viene <strong>gradualmente abbandonato<\/strong>. Nel 1972 il Sanatorio era gi\u00e0 a corto di personale e nel 1975 viene chiuso. Dopo la Rivoluzione del 25 aprile viene <strong>saccheggiata<\/strong> e <strong>vandalizzata<\/strong> prevalentemente da esponenti della sinistra.<\/p>\n\n\n\n<figure class=\"wp-block-gallery has-nested-images columns-default is-cropped wp-block-gallery-2 is-layout-flex wp-block-gallery-is-layout-flex\">\n<figure class=\"wp-block-image size-large\"><img loading=\"lazy\" decoding=\"async\" width=\"1024\" height=\"683\" data-id=\"22778\" src=\"https:\/\/www.urbexstalker.com\/wp-content\/uploads\/2022\/11\/DSCF1694-1024x683.jpg\" alt=\"Sanatorio do Montalto\" class=\"wp-image-22778\" srcset=\"https:\/\/www.urbexstalker.com\/wp-content\/uploads\/2022\/11\/DSCF1694-1024x683.jpg 1024w, https:\/\/www.urbexstalker.com\/wp-content\/uploads\/2022\/11\/DSCF1694-300x200.jpg 300w, https:\/\/www.urbexstalker.com\/wp-content\/uploads\/2022\/11\/DSCF1694-768x512.jpg 768w, https:\/\/www.urbexstalker.com\/wp-content\/uploads\/2022\/11\/DSCF1694-1536x1024.jpg 1536w, https:\/\/www.urbexstalker.com\/wp-content\/uploads\/2022\/11\/DSCF1694.jpg 1920w\" sizes=\"auto, (max-width: 1024px) 100vw, 1024px\" \/><\/figure>\n\n\n\n<figure class=\"wp-block-image size-large\"><img loading=\"lazy\" decoding=\"async\" width=\"1024\" height=\"683\" data-id=\"22772\" src=\"https:\/\/www.urbexstalker.com\/wp-content\/uploads\/2022\/11\/DSCF1685-1024x683.jpg\" alt=\"Sanatorio do Montalto\" class=\"wp-image-22772\" srcset=\"https:\/\/www.urbexstalker.com\/wp-content\/uploads\/2022\/11\/DSCF1685-1024x683.jpg 1024w, https:\/\/www.urbexstalker.com\/wp-content\/uploads\/2022\/11\/DSCF1685-300x200.jpg 300w, https:\/\/www.urbexstalker.com\/wp-content\/uploads\/2022\/11\/DSCF1685-768x512.jpg 768w, https:\/\/www.urbexstalker.com\/wp-content\/uploads\/2022\/11\/DSCF1685-1536x1024.jpg 1536w, https:\/\/www.urbexstalker.com\/wp-content\/uploads\/2022\/11\/DSCF1685.jpg 1920w\" sizes=\"auto, (max-width: 1024px) 100vw, 1024px\" \/><\/figure>\n<\/figure>\n\n\n\n<h3 class=\"wp-block-heading\"><\/h3>\n\n\n\n<h3 class=\"wp-block-heading\">La struttura<\/h3>\n\n\n\n<p class=\"wp-block-paragraph\"><br><\/p>\n\n\n\n<p class=\"wp-block-paragraph\">Questo edificio unico nel suo genere si estende su un&#8217;area di <strong>88.000 metri quadrati <\/strong>(l&#8217;equivalente di 9 campi da calcio). L&#8217;area intorno al Sanatorio di Mont&#8217;Alto comprendeva diversi complessi. Tra questi vi erano la scuola, la lavanderia, la chiesa (alla quale si accedeva direttamente dall&#8217;interno), la cappella e un serbatoio d&#8217;acqua.<\/p>\n\n\n\n<p class=\"wp-block-paragraph\">L&#8217;edificio del Sanatorio era ben attrezzato e disponeva di decine di letti per il ricovero per un totale di 200\/300 pazienti e si ergeva su cinque piani.<\/p>\n\n\n\n<figure class=\"wp-block-gallery has-nested-images columns-default is-cropped wp-block-gallery-3 is-layout-flex wp-block-gallery-is-layout-flex\">\n<figure class=\"wp-block-image size-large\"><img loading=\"lazy\" decoding=\"async\" width=\"1024\" height=\"683\" data-id=\"22748\" src=\"https:\/\/www.urbexstalker.com\/wp-content\/uploads\/2022\/11\/DSCF1711-1024x683.jpg\" alt=\"Sanatorio do Montalto\" class=\"wp-image-22748\" srcset=\"https:\/\/www.urbexstalker.com\/wp-content\/uploads\/2022\/11\/DSCF1711-1024x683.jpg 1024w, https:\/\/www.urbexstalker.com\/wp-content\/uploads\/2022\/11\/DSCF1711-300x200.jpg 300w, https:\/\/www.urbexstalker.com\/wp-content\/uploads\/2022\/11\/DSCF1711-768x512.jpg 768w, https:\/\/www.urbexstalker.com\/wp-content\/uploads\/2022\/11\/DSCF1711-1536x1024.jpg 1536w, https:\/\/www.urbexstalker.com\/wp-content\/uploads\/2022\/11\/DSCF1711.jpg 1920w\" sizes=\"auto, (max-width: 1024px) 100vw, 1024px\" \/><\/figure>\n\n\n\n<figure class=\"wp-block-image size-large\"><img loading=\"lazy\" decoding=\"async\" width=\"1024\" height=\"683\" data-id=\"22757\" src=\"https:\/\/www.urbexstalker.com\/wp-content\/uploads\/2022\/11\/DSCF1702-1024x683.jpg\" alt=\"Sanatorio do Montalto\" class=\"wp-image-22757\" srcset=\"https:\/\/www.urbexstalker.com\/wp-content\/uploads\/2022\/11\/DSCF1702-1024x683.jpg 1024w, https:\/\/www.urbexstalker.com\/wp-content\/uploads\/2022\/11\/DSCF1702-300x200.jpg 300w, https:\/\/www.urbexstalker.com\/wp-content\/uploads\/2022\/11\/DSCF1702-768x512.jpg 768w, https:\/\/www.urbexstalker.com\/wp-content\/uploads\/2022\/11\/DSCF1702-1536x1024.jpg 1536w, https:\/\/www.urbexstalker.com\/wp-content\/uploads\/2022\/11\/DSCF1702.jpg 1920w\" sizes=\"auto, (max-width: 1024px) 100vw, 1024px\" \/><\/figure>\n\n\n\n<figure class=\"wp-block-image size-large\"><img loading=\"lazy\" decoding=\"async\" width=\"1024\" height=\"683\" data-id=\"22763\" src=\"https:\/\/www.urbexstalker.com\/wp-content\/uploads\/2022\/11\/DSCF1706-1024x683.jpg\" alt=\"Sanatorio do Montalto\" class=\"wp-image-22763\" srcset=\"https:\/\/www.urbexstalker.com\/wp-content\/uploads\/2022\/11\/DSCF1706-1024x683.jpg 1024w, https:\/\/www.urbexstalker.com\/wp-content\/uploads\/2022\/11\/DSCF1706-300x200.jpg 300w, https:\/\/www.urbexstalker.com\/wp-content\/uploads\/2022\/11\/DSCF1706-768x512.jpg 768w, https:\/\/www.urbexstalker.com\/wp-content\/uploads\/2022\/11\/DSCF1706-1536x1024.jpg 1536w, https:\/\/www.urbexstalker.com\/wp-content\/uploads\/2022\/11\/DSCF1706.jpg 1920w\" sizes=\"auto, (max-width: 1024px) 100vw, 1024px\" \/><\/figure>\n\n\n\n<figure class=\"wp-block-image size-large\"><img loading=\"lazy\" decoding=\"async\" width=\"1024\" height=\"683\" data-id=\"22766\" src=\"https:\/\/www.urbexstalker.com\/wp-content\/uploads\/2022\/11\/DSCF1707-1024x683.jpg\" alt=\"Sanatorio do Montalto\" class=\"wp-image-22766\" srcset=\"https:\/\/www.urbexstalker.com\/wp-content\/uploads\/2022\/11\/DSCF1707-1024x683.jpg 1024w, https:\/\/www.urbexstalker.com\/wp-content\/uploads\/2022\/11\/DSCF1707-300x200.jpg 300w, https:\/\/www.urbexstalker.com\/wp-content\/uploads\/2022\/11\/DSCF1707-768x512.jpg 768w, https:\/\/www.urbexstalker.com\/wp-content\/uploads\/2022\/11\/DSCF1707-1536x1024.jpg 1536w, https:\/\/www.urbexstalker.com\/wp-content\/uploads\/2022\/11\/DSCF1707.jpg 1920w\" sizes=\"auto, (max-width: 1024px) 100vw, 1024px\" \/><\/figure>\n\n\n\n<figure class=\"wp-block-image size-large\"><img loading=\"lazy\" decoding=\"async\" width=\"1024\" height=\"683\" data-id=\"22781\" src=\"https:\/\/www.urbexstalker.com\/wp-content\/uploads\/2022\/11\/DSCF1696-1024x683.jpg\" alt=\"Sanatorio do Montalto\" class=\"wp-image-22781\" srcset=\"https:\/\/www.urbexstalker.com\/wp-content\/uploads\/2022\/11\/DSCF1696-1024x683.jpg 1024w, https:\/\/www.urbexstalker.com\/wp-content\/uploads\/2022\/11\/DSCF1696-300x200.jpg 300w, https:\/\/www.urbexstalker.com\/wp-content\/uploads\/2022\/11\/DSCF1696-768x512.jpg 768w, https:\/\/www.urbexstalker.com\/wp-content\/uploads\/2022\/11\/DSCF1696-1536x1024.jpg 1536w, https:\/\/www.urbexstalker.com\/wp-content\/uploads\/2022\/11\/DSCF1696.jpg 1920w\" sizes=\"auto, (max-width: 1024px) 100vw, 1024px\" \/><\/figure>\n\n\n\n<figure class=\"wp-block-image size-large\"><img loading=\"lazy\" decoding=\"async\" width=\"1024\" height=\"683\" data-id=\"22784\" src=\"https:\/\/www.urbexstalker.com\/wp-content\/uploads\/2022\/11\/DSCF1713-1024x683.jpg\" alt=\"Sanatorio do Montalto\" class=\"wp-image-22784\" srcset=\"https:\/\/www.urbexstalker.com\/wp-content\/uploads\/2022\/11\/DSCF1713-1024x683.jpg 1024w, https:\/\/www.urbexstalker.com\/wp-content\/uploads\/2022\/11\/DSCF1713-300x200.jpg 300w, https:\/\/www.urbexstalker.com\/wp-content\/uploads\/2022\/11\/DSCF1713-768x512.jpg 768w, https:\/\/www.urbexstalker.com\/wp-content\/uploads\/2022\/11\/DSCF1713-1536x1024.jpg 1536w, https:\/\/www.urbexstalker.com\/wp-content\/uploads\/2022\/11\/DSCF1713.jpg 1920w\" sizes=\"auto, (max-width: 1024px) 100vw, 1024px\" \/><\/figure>\n\n\n\n<figure class=\"wp-block-image size-large\"><img loading=\"lazy\" decoding=\"async\" width=\"1024\" height=\"683\" data-id=\"22790\" src=\"https:\/\/www.urbexstalker.com\/wp-content\/uploads\/2022\/11\/DSCF1697-1024x683.jpg\" alt=\"Sanatorio do Montalto\" class=\"wp-image-22790\" srcset=\"https:\/\/www.urbexstalker.com\/wp-content\/uploads\/2022\/11\/DSCF1697-1024x683.jpg 1024w, https:\/\/www.urbexstalker.com\/wp-content\/uploads\/2022\/11\/DSCF1697-300x200.jpg 300w, https:\/\/www.urbexstalker.com\/wp-content\/uploads\/2022\/11\/DSCF1697-768x512.jpg 768w, https:\/\/www.urbexstalker.com\/wp-content\/uploads\/2022\/11\/DSCF1697-1536x1024.jpg 1536w, https:\/\/www.urbexstalker.com\/wp-content\/uploads\/2022\/11\/DSCF1697.jpg 1920w\" sizes=\"auto, (max-width: 1024px) 100vw, 1024px\" \/><\/figure>\n<\/figure>\n\n\n\n<h3 class=\"wp-block-heading\"><br>Riqualificazione<\/h3>\n\n\n\n<p class=\"wp-block-paragraph\"><br>A lungo si sono pensate delle alternative di riqualificazione, tra le quali un <strong>ospedale psichiatrico<\/strong> e <strong>casa di riposo<\/strong> per accogliere i <strong>rimpatriati da Oltreoceano<\/strong>.<\/p>\n\n\n\n<figure class=\"wp-block-gallery has-nested-images columns-default is-cropped wp-block-gallery-4 is-layout-flex wp-block-gallery-is-layout-flex\">\n<figure class=\"wp-block-image size-large\"><img loading=\"lazy\" decoding=\"async\" width=\"1024\" height=\"683\" data-id=\"22793\" src=\"https:\/\/www.urbexstalker.com\/wp-content\/uploads\/2022\/11\/DSCF1699-1024x683.jpg\" alt=\"Sanatorio do Montalto\" class=\"wp-image-22793\" srcset=\"https:\/\/www.urbexstalker.com\/wp-content\/uploads\/2022\/11\/DSCF1699-1024x683.jpg 1024w, https:\/\/www.urbexstalker.com\/wp-content\/uploads\/2022\/11\/DSCF1699-300x200.jpg 300w, https:\/\/www.urbexstalker.com\/wp-content\/uploads\/2022\/11\/DSCF1699-768x512.jpg 768w, https:\/\/www.urbexstalker.com\/wp-content\/uploads\/2022\/11\/DSCF1699-1536x1024.jpg 1536w, https:\/\/www.urbexstalker.com\/wp-content\/uploads\/2022\/11\/DSCF1699.jpg 1920w\" sizes=\"auto, (max-width: 1024px) 100vw, 1024px\" \/><\/figure>\n\n\n\n<figure class=\"wp-block-image size-large\"><img loading=\"lazy\" decoding=\"async\" width=\"1024\" height=\"683\" data-id=\"22760\" src=\"https:\/\/www.urbexstalker.com\/wp-content\/uploads\/2022\/11\/DSCF1704-1024x683.jpg\" alt=\"Sanatorio do Montalto\" class=\"wp-image-22760\" srcset=\"https:\/\/www.urbexstalker.com\/wp-content\/uploads\/2022\/11\/DSCF1704-1024x683.jpg 1024w, https:\/\/www.urbexstalker.com\/wp-content\/uploads\/2022\/11\/DSCF1704-300x200.jpg 300w, https:\/\/www.urbexstalker.com\/wp-content\/uploads\/2022\/11\/DSCF1704-768x512.jpg 768w, https:\/\/www.urbexstalker.com\/wp-content\/uploads\/2022\/11\/DSCF1704-1536x1024.jpg 1536w, https:\/\/www.urbexstalker.com\/wp-content\/uploads\/2022\/11\/DSCF1704.jpg 1920w\" sizes=\"auto, (max-width: 1024px) 100vw, 1024px\" \/><\/figure>\n\n\n\n<figure class=\"wp-block-image size-large\"><img loading=\"lazy\" decoding=\"async\" width=\"1024\" height=\"683\" data-id=\"22769\" src=\"https:\/\/www.urbexstalker.com\/wp-content\/uploads\/2022\/11\/DSCF1710-1024x683.jpg\" alt=\"Sanatorio do Montalto\" class=\"wp-image-22769\" srcset=\"https:\/\/www.urbexstalker.com\/wp-content\/uploads\/2022\/11\/DSCF1710-1024x683.jpg 1024w, https:\/\/www.urbexstalker.com\/wp-content\/uploads\/2022\/11\/DSCF1710-300x200.jpg 300w, https:\/\/www.urbexstalker.com\/wp-content\/uploads\/2022\/11\/DSCF1710-768x512.jpg 768w, https:\/\/www.urbexstalker.com\/wp-content\/uploads\/2022\/11\/DSCF1710-1536x1024.jpg 1536w, https:\/\/www.urbexstalker.com\/wp-content\/uploads\/2022\/11\/DSCF1710.jpg 1920w\" sizes=\"auto, (max-width: 1024px) 100vw, 1024px\" \/><\/figure>\n<\/figure>\n\n\n\n<p class=\"wp-block-paragraph\"><strong>Posizione urbex<\/strong>:<\/p>\n\n\n\n<iframe src=\"https:\/\/www.google.com\/maps\/embed?pb=!1m18!1m12!1m3!1d3002.952144255172!2d-8.511030384742913!3d41.179210979283816!2m3!1f0!2f0!3f0!3m2!1i1024!2i768!4f13.1!3m3!1m2!1s0xd24624251931081%3A0x5a873be340e08a87!2sSanatorium%20(Sanat%C3%B3rio)%20Valongo!5e0!3m2!1sit!2spt!4v1669460210084!5m2!1sit!2spt\" width=\"600\" height=\"450\" style=\"border:0;\" allowfullscreen=\"\" loading=\"lazy\" referrerpolicy=\"no-referrer-when-downgrade\"><\/iframe>\n","protected":false},"excerpt":{"rendered":"<p>Il Sanat\u00f3rio de Valongo, in precedenza conosciuton come Sanat\u00f3rio de Mont&#8217;alto, si trova nel comune di Gondomar, a 30 minuti d\u2019auto dalla citt\u00e0 di Porto. Si erge su un terreno donato dalla famiglia S\u00e1 a Serra de Santa Justa. Sanat\u00f3rio de Valongo Il Sanat\u00f3rio de Valongo nasce con il professor Ant\u00f3nio El\u00edsio Lopes Rodrigues, responsabile [&hellip;]<\/p>\n","protected":false},"author":3,"featured_media":22788,"comment_status":"open","ping_status":"open","sticky":false,"template":"","format":"standard","meta":{"footnotes":""},"categories":[367],"tags":[],"country":[393],"class_list":["post-22798","post","type-post","status-publish","format-standard","has-post-thumbnail","hentry","category-ospedali-abbandonati","country-portogallo"],"yoast_head":"<!-- This site is optimized with the Yoast SEO plugin v28.3 - https:\/\/yoast.com\/product\/yoast-seo-wordpress\/ -->\n<title>Sanatorio de Mont&#039;alto - STALKER<\/title>\n<meta name=\"description\" content=\"Ti chiedi quali luoghi abbandonati ci sono a Porto? A 30 minuti da Porto potrete visitare uno dei sanatori abbandonati pi\u00f9 famosi in Portogallo.\" \/>\n<meta name=\"robots\" content=\"index, follow, max-snippet:-1, max-image-preview:large, max-video-preview:-1\" \/>\n<link rel=\"canonical\" href=\"https:\/\/www.urbexstalker.com\/it\/2022\/11\/26\/sanatorio-abbandonato-a-porto\/\" \/>\n<meta property=\"og:locale\" content=\"it_IT\" \/>\n<meta property=\"og:type\" content=\"article\" \/>\n<meta property=\"og:title\" content=\"Sanatorio de Mont&#039;alto - STALKER\" \/>\n<meta property=\"og:description\" content=\"Ti chiedi quali luoghi abbandonati ci sono a Porto? A 30 minuti da Porto potrete visitare uno dei sanatori abbandonati pi\u00f9 famosi in Portogallo.\" \/>\n<meta property=\"og:url\" content=\"https:\/\/www.urbexstalker.com\/it\/2022\/11\/26\/sanatorio-abbandonato-a-porto\/\" \/>\n<meta property=\"og:site_name\" content=\"STALKER\" \/>\n<meta property=\"article:publisher\" content=\"https:\/\/www.facebook.com\/UrBexStalker\" \/>\n<meta property=\"article:published_time\" content=\"2022-11-26T11:32:59+00:00\" \/>\n<meta property=\"article:modified_time\" content=\"2022-11-26T11:33:01+00:00\" \/>\n<meta property=\"og:image\" content=\"https:\/\/www.urbexstalker.com\/wp-content\/uploads\/2022\/11\/IMG_20221124_175833_917-02.jpg\" \/>\n\t<meta property=\"og:image:width\" content=\"1800\" \/>\n\t<meta property=\"og:image:height\" content=\"1199\" \/>\n\t<meta property=\"og:image:type\" content=\"image\/jpeg\" \/>\n<meta name=\"author\" content=\"Jacopo\" \/>\n<meta name=\"twitter:card\" content=\"summary_large_image\" \/>\n<meta name=\"twitter:label1\" content=\"Scritto da\" \/>\n\t<meta name=\"twitter:data1\" content=\"Jacopo\" \/>\n\t<meta name=\"twitter:label2\" content=\"Tempo di lettura stimato\" \/>\n\t<meta name=\"twitter:data2\" content=\"5 minuti\" \/>\n<script type=\"application\/ld+json\" class=\"yoast-schema-graph\">{\"@context\":\"https:\\\/\\\/schema.org\",\"@graph\":[{\"@type\":\"Article\",\"@id\":\"https:\\\/\\\/www.urbexstalker.com\\\/it\\\/2022\\\/11\\\/26\\\/sanatorio-abbandonato-a-porto\\\/#article\",\"isPartOf\":{\"@id\":\"https:\\\/\\\/www.urbexstalker.com\\\/it\\\/2022\\\/11\\\/26\\\/sanatorio-abbandonato-a-porto\\\/\"},\"author\":{\"name\":\"Jacopo\",\"@id\":\"https:\\\/\\\/www.urbexstalker.com\\\/#\\\/schema\\\/person\\\/8380ca82ce9d6e58f0df239b2e3ff784\"},\"headline\":\"Sanatorio de Mont&#8217;alto\",\"datePublished\":\"2022-11-26T11:32:59+00:00\",\"dateModified\":\"2022-11-26T11:33:01+00:00\",\"mainEntityOfPage\":{\"@id\":\"https:\\\/\\\/www.urbexstalker.com\\\/it\\\/2022\\\/11\\\/26\\\/sanatorio-abbandonato-a-porto\\\/\"},\"wordCount\":362,\"commentCount\":0,\"publisher\":{\"@id\":\"https:\\\/\\\/www.urbexstalker.com\\\/#organization\"},\"image\":{\"@id\":\"https:\\\/\\\/www.urbexstalker.com\\\/it\\\/2022\\\/11\\\/26\\\/sanatorio-abbandonato-a-porto\\\/#primaryimage\"},\"thumbnailUrl\":\"https:\\\/\\\/www.urbexstalker.com\\\/wp-content\\\/uploads\\\/2022\\\/11\\\/IMG_20221124_175833_917-02.jpg\",\"articleSection\":[\"Ospedali e sanatori\"],\"inLanguage\":\"it-IT\",\"potentialAction\":[{\"@type\":\"CommentAction\",\"name\":\"Comment\",\"target\":[\"https:\\\/\\\/www.urbexstalker.com\\\/it\\\/2022\\\/11\\\/26\\\/sanatorio-abbandonato-a-porto\\\/#respond\"]}]},{\"@type\":\"WebPage\",\"@id\":\"https:\\\/\\\/www.urbexstalker.com\\\/it\\\/2022\\\/11\\\/26\\\/sanatorio-abbandonato-a-porto\\\/\",\"url\":\"https:\\\/\\\/www.urbexstalker.com\\\/it\\\/2022\\\/11\\\/26\\\/sanatorio-abbandonato-a-porto\\\/\",\"name\":\"Sanatorio de Mont'alto - STALKER\",\"isPartOf\":{\"@id\":\"https:\\\/\\\/www.urbexstalker.com\\\/#website\"},\"primaryImageOfPage\":{\"@id\":\"https:\\\/\\\/www.urbexstalker.com\\\/it\\\/2022\\\/11\\\/26\\\/sanatorio-abbandonato-a-porto\\\/#primaryimage\"},\"image\":{\"@id\":\"https:\\\/\\\/www.urbexstalker.com\\\/it\\\/2022\\\/11\\\/26\\\/sanatorio-abbandonato-a-porto\\\/#primaryimage\"},\"thumbnailUrl\":\"https:\\\/\\\/www.urbexstalker.com\\\/wp-content\\\/uploads\\\/2022\\\/11\\\/IMG_20221124_175833_917-02.jpg\",\"datePublished\":\"2022-11-26T11:32:59+00:00\",\"dateModified\":\"2022-11-26T11:33:01+00:00\",\"description\":\"Ti chiedi quali luoghi abbandonati ci sono a Porto? A 30 minuti da Porto potrete visitare uno dei sanatori abbandonati pi\u00f9 famosi in Portogallo.\",\"breadcrumb\":{\"@id\":\"https:\\\/\\\/www.urbexstalker.com\\\/it\\\/2022\\\/11\\\/26\\\/sanatorio-abbandonato-a-porto\\\/#breadcrumb\"},\"inLanguage\":\"it-IT\",\"potentialAction\":[{\"@type\":\"ReadAction\",\"target\":[\"https:\\\/\\\/www.urbexstalker.com\\\/it\\\/2022\\\/11\\\/26\\\/sanatorio-abbandonato-a-porto\\\/\"]}]},{\"@type\":\"ImageObject\",\"inLanguage\":\"it-IT\",\"@id\":\"https:\\\/\\\/www.urbexstalker.com\\\/it\\\/2022\\\/11\\\/26\\\/sanatorio-abbandonato-a-porto\\\/#primaryimage\",\"url\":\"https:\\\/\\\/www.urbexstalker.com\\\/wp-content\\\/uploads\\\/2022\\\/11\\\/IMG_20221124_175833_917-02.jpg\",\"contentUrl\":\"https:\\\/\\\/www.urbexstalker.com\\\/wp-content\\\/uploads\\\/2022\\\/11\\\/IMG_20221124_175833_917-02.jpg\",\"width\":1800,\"height\":1199,\"caption\":\"Sanatorio do Montalto\"},{\"@type\":\"BreadcrumbList\",\"@id\":\"https:\\\/\\\/www.urbexstalker.com\\\/it\\\/2022\\\/11\\\/26\\\/sanatorio-abbandonato-a-porto\\\/#breadcrumb\",\"itemListElement\":[{\"@type\":\"ListItem\",\"position\":1,\"name\":\"Home\",\"item\":\"https:\\\/\\\/www.urbexstalker.com\\\/\"},{\"@type\":\"ListItem\",\"position\":2,\"name\":\"Portogallo\",\"item\":\"https:\\\/\\\/www.urbexstalker.com\\\/it\\\/countries\\\/portogallo\\\/\"},{\"@type\":\"ListItem\",\"position\":3,\"name\":\"Sanatorio de Mont&#8217;alto\"}]},{\"@type\":\"WebSite\",\"@id\":\"https:\\\/\\\/www.urbexstalker.com\\\/#website\",\"url\":\"https:\\\/\\\/www.urbexstalker.com\\\/\",\"name\":\"STALKER\",\"description\":\"Documentary archive of abandoned places \u2014 50+ countries since 2016\",\"publisher\":{\"@id\":\"https:\\\/\\\/www.urbexstalker.com\\\/#organization\"},\"potentialAction\":[{\"@type\":\"SearchAction\",\"target\":{\"@type\":\"EntryPoint\",\"urlTemplate\":\"https:\\\/\\\/www.urbexstalker.com\\\/?s={search_term_string}\"},\"query-input\":{\"@type\":\"PropertyValueSpecification\",\"valueRequired\":true,\"valueName\":\"search_term_string\"}}],\"inLanguage\":\"it-IT\"},{\"@type\":\"Organization\",\"@id\":\"https:\\\/\\\/www.urbexstalker.com\\\/#organization\",\"name\":\"Urbex_Stalker\",\"alternateName\":\"Stalker\",\"url\":\"https:\\\/\\\/www.urbexstalker.com\\\/\",\"logo\":{\"@type\":\"ImageObject\",\"inLanguage\":\"it-IT\",\"@id\":\"https:\\\/\\\/www.urbexstalker.com\\\/#\\\/schema\\\/logo\\\/image\\\/\",\"url\":\"https:\\\/\\\/www.urbexstalker.com\\\/wp-content\\\/uploads\\\/2026\\\/06\\\/LOGO_URBEX_STALKER-500x500-1.png\",\"contentUrl\":\"https:\\\/\\\/www.urbexstalker.com\\\/wp-content\\\/uploads\\\/2026\\\/06\\\/LOGO_URBEX_STALKER-500x500-1.png\",\"width\":500,\"height\":499,\"caption\":\"Urbex_Stalker\"},\"image\":{\"@id\":\"https:\\\/\\\/www.urbexstalker.com\\\/#\\\/schema\\\/logo\\\/image\\\/\"},\"sameAs\":[\"https:\\\/\\\/www.facebook.com\\\/UrBexStalker\",\"https:\\\/\\\/www.instagram.com\\\/urbex_stalker\\\/\",\"https:\\\/\\\/www.youtube.com\\\/Stalker1979\"]},{\"@type\":\"Person\",\"@id\":\"https:\\\/\\\/www.urbexstalker.com\\\/#\\\/schema\\\/person\\\/8380ca82ce9d6e58f0df239b2e3ff784\",\"name\":\"Jacopo\",\"image\":{\"@type\":\"ImageObject\",\"inLanguage\":\"it-IT\",\"@id\":\"https:\\\/\\\/secure.gravatar.com\\\/avatar\\\/70d3197f96c5153026d85c0e80a1362c6759ba9f5c77ea832f312efb08c43051?s=96&d=mm&r=g\",\"url\":\"https:\\\/\\\/secure.gravatar.com\\\/avatar\\\/70d3197f96c5153026d85c0e80a1362c6759ba9f5c77ea832f312efb08c43051?s=96&d=mm&r=g\",\"contentUrl\":\"https:\\\/\\\/secure.gravatar.com\\\/avatar\\\/70d3197f96c5153026d85c0e80a1362c6759ba9f5c77ea832f312efb08c43051?s=96&d=mm&r=g\",\"caption\":\"Jacopo\"}}]}<\/script>\n<!-- \/ Yoast SEO plugin. -->","yoast_head_json":{"title":"Sanatorio de Mont'alto - STALKER","description":"Ti chiedi quali luoghi abbandonati ci sono a Porto? A 30 minuti da Porto potrete visitare uno dei sanatori abbandonati pi\u00f9 famosi in Portogallo.","robots":{"index":"index","follow":"follow","max-snippet":"max-snippet:-1","max-image-preview":"max-image-preview:large","max-video-preview":"max-video-preview:-1"},"canonical":"https:\/\/www.urbexstalker.com\/it\/2022\/11\/26\/sanatorio-abbandonato-a-porto\/","og_locale":"it_IT","og_type":"article","og_title":"Sanatorio de Mont'alto - STALKER","og_description":"Ti chiedi quali luoghi abbandonati ci sono a Porto? A 30 minuti da Porto potrete visitare uno dei sanatori abbandonati pi\u00f9 famosi in Portogallo.","og_url":"https:\/\/www.urbexstalker.com\/it\/2022\/11\/26\/sanatorio-abbandonato-a-porto\/","og_site_name":"STALKER","article_publisher":"https:\/\/www.facebook.com\/UrBexStalker","article_published_time":"2022-11-26T11:32:59+00:00","article_modified_time":"2022-11-26T11:33:01+00:00","og_image":[{"width":1800,"height":1199,"url":"https:\/\/www.urbexstalker.com\/wp-content\/uploads\/2022\/11\/IMG_20221124_175833_917-02.jpg","type":"image\/jpeg"}],"author":"Jacopo","twitter_card":"summary_large_image","twitter_misc":{"Scritto da":"Jacopo","Tempo di lettura stimato":"5 minuti"},"schema":{"@context":"https:\/\/schema.org","@graph":[{"@type":"Article","@id":"https:\/\/www.urbexstalker.com\/it\/2022\/11\/26\/sanatorio-abbandonato-a-porto\/#article","isPartOf":{"@id":"https:\/\/www.urbexstalker.com\/it\/2022\/11\/26\/sanatorio-abbandonato-a-porto\/"},"author":{"name":"Jacopo","@id":"https:\/\/www.urbexstalker.com\/#\/schema\/person\/8380ca82ce9d6e58f0df239b2e3ff784"},"headline":"Sanatorio de Mont&#8217;alto","datePublished":"2022-11-26T11:32:59+00:00","dateModified":"2022-11-26T11:33:01+00:00","mainEntityOfPage":{"@id":"https:\/\/www.urbexstalker.com\/it\/2022\/11\/26\/sanatorio-abbandonato-a-porto\/"},"wordCount":362,"commentCount":0,"publisher":{"@id":"https:\/\/www.urbexstalker.com\/#organization"},"image":{"@id":"https:\/\/www.urbexstalker.com\/it\/2022\/11\/26\/sanatorio-abbandonato-a-porto\/#primaryimage"},"thumbnailUrl":"https:\/\/www.urbexstalker.com\/wp-content\/uploads\/2022\/11\/IMG_20221124_175833_917-02.jpg","articleSection":["Ospedali e sanatori"],"inLanguage":"it-IT","potentialAction":[{"@type":"CommentAction","name":"Comment","target":["https:\/\/www.urbexstalker.com\/it\/2022\/11\/26\/sanatorio-abbandonato-a-porto\/#respond"]}]},{"@type":"WebPage","@id":"https:\/\/www.urbexstalker.com\/it\/2022\/11\/26\/sanatorio-abbandonato-a-porto\/","url":"https:\/\/www.urbexstalker.com\/it\/2022\/11\/26\/sanatorio-abbandonato-a-porto\/","name":"Sanatorio de Mont'alto - STALKER","isPartOf":{"@id":"https:\/\/www.urbexstalker.com\/#website"},"primaryImageOfPage":{"@id":"https:\/\/www.urbexstalker.com\/it\/2022\/11\/26\/sanatorio-abbandonato-a-porto\/#primaryimage"},"image":{"@id":"https:\/\/www.urbexstalker.com\/it\/2022\/11\/26\/sanatorio-abbandonato-a-porto\/#primaryimage"},"thumbnailUrl":"https:\/\/www.urbexstalker.com\/wp-content\/uploads\/2022\/11\/IMG_20221124_175833_917-02.jpg","datePublished":"2022-11-26T11:32:59+00:00","dateModified":"2022-11-26T11:33:01+00:00","description":"Ti chiedi quali luoghi abbandonati ci sono a Porto? A 30 minuti da Porto potrete visitare uno dei sanatori abbandonati pi\u00f9 famosi in Portogallo.","breadcrumb":{"@id":"https:\/\/www.urbexstalker.com\/it\/2022\/11\/26\/sanatorio-abbandonato-a-porto\/#breadcrumb"},"inLanguage":"it-IT","potentialAction":[{"@type":"ReadAction","target":["https:\/\/www.urbexstalker.com\/it\/2022\/11\/26\/sanatorio-abbandonato-a-porto\/"]}]},{"@type":"ImageObject","inLanguage":"it-IT","@id":"https:\/\/www.urbexstalker.com\/it\/2022\/11\/26\/sanatorio-abbandonato-a-porto\/#primaryimage","url":"https:\/\/www.urbexstalker.com\/wp-content\/uploads\/2022\/11\/IMG_20221124_175833_917-02.jpg","contentUrl":"https:\/\/www.urbexstalker.com\/wp-content\/uploads\/2022\/11\/IMG_20221124_175833_917-02.jpg","width":1800,"height":1199,"caption":"Sanatorio do Montalto"},{"@type":"BreadcrumbList","@id":"https:\/\/www.urbexstalker.com\/it\/2022\/11\/26\/sanatorio-abbandonato-a-porto\/#breadcrumb","itemListElement":[{"@type":"ListItem","position":1,"name":"Home","item":"https:\/\/www.urbexstalker.com\/"},{"@type":"ListItem","position":2,"name":"Portogallo","item":"https:\/\/www.urbexstalker.com\/it\/countries\/portogallo\/"},{"@type":"ListItem","position":3,"name":"Sanatorio de Mont&#8217;alto"}]},{"@type":"WebSite","@id":"https:\/\/www.urbexstalker.com\/#website","url":"https:\/\/www.urbexstalker.com\/","name":"STALKER","description":"Documentary archive of abandoned places \u2014 50+ countries since 2016","publisher":{"@id":"https:\/\/www.urbexstalker.com\/#organization"},"potentialAction":[{"@type":"SearchAction","target":{"@type":"EntryPoint","urlTemplate":"https:\/\/www.urbexstalker.com\/?s={search_term_string}"},"query-input":{"@type":"PropertyValueSpecification","valueRequired":true,"valueName":"search_term_string"}}],"inLanguage":"it-IT"},{"@type":"Organization","@id":"https:\/\/www.urbexstalker.com\/#organization","name":"Urbex_Stalker","alternateName":"Stalker","url":"https:\/\/www.urbexstalker.com\/","logo":{"@type":"ImageObject","inLanguage":"it-IT","@id":"https:\/\/www.urbexstalker.com\/#\/schema\/logo\/image\/","url":"https:\/\/www.urbexstalker.com\/wp-content\/uploads\/2026\/06\/LOGO_URBEX_STALKER-500x500-1.png","contentUrl":"https:\/\/www.urbexstalker.com\/wp-content\/uploads\/2026\/06\/LOGO_URBEX_STALKER-500x500-1.png","width":500,"height":499,"caption":"Urbex_Stalker"},"image":{"@id":"https:\/\/www.urbexstalker.com\/#\/schema\/logo\/image\/"},"sameAs":["https:\/\/www.facebook.com\/UrBexStalker","https:\/\/www.instagram.com\/urbex_stalker\/","https:\/\/www.youtube.com\/Stalker1979"]},{"@type":"Person","@id":"https:\/\/www.urbexstalker.com\/#\/schema\/person\/8380ca82ce9d6e58f0df239b2e3ff784","name":"Jacopo","image":{"@type":"ImageObject","inLanguage":"it-IT","@id":"https:\/\/secure.gravatar.com\/avatar\/70d3197f96c5153026d85c0e80a1362c6759ba9f5c77ea832f312efb08c43051?s=96&d=mm&r=g","url":"https:\/\/secure.gravatar.com\/avatar\/70d3197f96c5153026d85c0e80a1362c6759ba9f5c77ea832f312efb08c43051?s=96&d=mm&r=g","contentUrl":"https:\/\/secure.gravatar.com\/avatar\/70d3197f96c5153026d85c0e80a1362c6759ba9f5c77ea832f312efb08c43051?s=96&d=mm&r=g","caption":"Jacopo"}}]}},"_links":{"self":[{"href":"https:\/\/www.urbexstalker.com\/it\/wp-json\/wp\/v2\/posts\/22798","targetHints":{"allow":["GET"]}}],"collection":[{"href":"https:\/\/www.urbexstalker.com\/it\/wp-json\/wp\/v2\/posts"}],"about":[{"href":"https:\/\/www.urbexstalker.com\/it\/wp-json\/wp\/v2\/types\/post"}],"author":[{"embeddable":true,"href":"https:\/\/www.urbexstalker.com\/it\/wp-json\/wp\/v2\/users\/3"}],"replies":[{"embeddable":true,"href":"https:\/\/www.urbexstalker.com\/it\/wp-json\/wp\/v2\/comments?post=22798"}],"version-history":[{"count":1,"href":"https:\/\/www.urbexstalker.com\/it\/wp-json\/wp\/v2\/posts\/22798\/revisions"}],"predecessor-version":[{"id":22799,"href":"https:\/\/www.urbexstalker.com\/it\/wp-json\/wp\/v2\/posts\/22798\/revisions\/22799"}],"wp:featuredmedia":[{"embeddable":true,"href":"https:\/\/www.urbexstalker.com\/it\/wp-json\/wp\/v2\/media\/22788"}],"wp:attachment":[{"href":"https:\/\/www.urbexstalker.com\/it\/wp-json\/wp\/v2\/media?parent=22798"}],"wp:term":[{"taxonomy":"category","embeddable":true,"href":"https:\/\/www.urbexstalker.com\/it\/wp-json\/wp\/v2\/categories?post=22798"},{"taxonomy":"post_tag","embeddable":true,"href":"https:\/\/www.urbexstalker.com\/it\/wp-json\/wp\/v2\/tags?post=22798"},{"taxonomy":"country","embeddable":true,"href":"https:\/\/www.urbexstalker.com\/it\/wp-json\/wp\/v2\/country?post=22798"}],"curies":[{"name":"wp","href":"https:\/\/api.w.org\/{rel}","templated":true}]}}