{"id":22870,"date":"2022-12-11T11:08:37","date_gmt":"2022-12-11T11:08:37","guid":{"rendered":"https:\/\/www.urbexstalker.com\/?p=22870"},"modified":"2023-11-30T22:10:45","modified_gmt":"2023-11-30T22:10:45","slug":"castelo-de-palmeira","status":"publish","type":"post","link":"https:\/\/www.urbexstalker.com\/it\/2022\/12\/11\/castelo-de-palmeira\/","title":{"rendered":"Castelo de Palmeira"},"content":{"rendered":"\n<p class=\"wp-block-paragraph\">Il Castelo da Dona Chica, conosciuto anche come Castelo de Palmeira, <strong>Castelo Villa Rego<\/strong>, <strong>Casa da Chica<\/strong> o <strong>Pal\u00e1cio da Dona Chica<\/strong>, si trova nella<strong> parrocchia di Palmeira<\/strong>, nel comune di Braga, in Portogallo.<\/p>\n\n\n\n<p class=\"wp-block-paragraph\">Si tratta di un palazzo dalle caratteristiche eclettiche in <strong>stile romantico<\/strong>, progettato dall&#8217;<strong>architetto svizzero Ernesto Korrodi<\/strong>. \u00c8 stato classificato come bene di interesse pubblico con l\u2019ordinanza del 20 febbraio 1985.<\/p>\n\n\n\n<figure class=\"wp-block-gallery has-nested-images columns-default is-cropped wp-block-gallery-2 is-layout-flex wp-block-gallery-is-layout-flex\">\n<figure class=\"wp-block-image size-large\"><img loading=\"lazy\" decoding=\"async\" width=\"1024\" height=\"683\" data-id=\"22863\" src=\"https:\/\/www.urbexstalker.com\/wp-content\/uploads\/2022\/12\/DSCF1946-1024x683.jpg\" alt=\"Castelo de Palmeira\" class=\"wp-image-22863\" srcset=\"https:\/\/www.urbexstalker.com\/wp-content\/uploads\/2022\/12\/DSCF1946-1024x683.jpg 1024w, https:\/\/www.urbexstalker.com\/wp-content\/uploads\/2022\/12\/DSCF1946-300x200.jpg 300w, https:\/\/www.urbexstalker.com\/wp-content\/uploads\/2022\/12\/DSCF1946-768x512.jpg 768w, https:\/\/www.urbexstalker.com\/wp-content\/uploads\/2022\/12\/DSCF1946.jpg 1200w\" sizes=\"auto, (max-width: 1024px) 100vw, 1024px\" \/><\/figure>\n<\/figure>\n\n\n\n<h2 class=\"wp-block-heading\">Storia<\/h2>\n\n\n\n<p class=\"wp-block-paragraph\"><strong>Francisco Peixoto de Sousa<\/strong>, nato nella parrocchia di Braga, Merelim, <strong>fa la sua fortuna in Brasile<\/strong> grazie al commercio del caff\u00e8. Alla sua morte, nel 1913, lascia la sua eridit\u00e0 alla <strong>figlia Francisca Peixoto de Sousa<\/strong> (Dona Chica), ancora adolescente. La figlia, nata in Brasile, si trasferisce subito in Portogallo e <strong>sposa Jo\u00e3o Jos\u00e9 Ferreira Rego<\/strong>.<\/p>\n\n\n\n<p class=\"wp-block-paragraph\"><strong>La costruzione<\/strong> del Castelo da Dona Chica<strong> inizia nel 1915<\/strong> su iniziativa di Francisca Peixoto Rego. Il nome del palazzo deriva dal nome della patrona, poich\u00e9 Chica \u00e8 la forma diminutiva di Francisca. I lavori si interrompono nel <strong>1919<\/strong>, quando <strong>Francisca divorzia dal marito<\/strong>. Negli anni a seguire il proprietario cambia pi\u00f9 volte e i lavori si trascinano per decenni, per concludersi nel 1991.<\/p>\n\n\n\n<p class=\"wp-block-paragraph\">Attualmente, la propriet\u00e0 si trova in uno stato di abbandono e degrado, dopo aver affrontato una controversia legale sulla sua propriet\u00e0 che coinvolge diversi enti.<\/p>\n\n\n\n<figure class=\"wp-block-image size-large\"><img loading=\"lazy\" decoding=\"async\" width=\"1024\" height=\"683\" src=\"https:\/\/www.urbexstalker.com\/wp-content\/uploads\/2022\/12\/DSCF1940-1024x683.jpg\" alt=\"Castelo de Palmeira\" class=\"wp-image-22857\" srcset=\"https:\/\/www.urbexstalker.com\/wp-content\/uploads\/2022\/12\/DSCF1940-1024x683.jpg 1024w, https:\/\/www.urbexstalker.com\/wp-content\/uploads\/2022\/12\/DSCF1940-300x200.jpg 300w, https:\/\/www.urbexstalker.com\/wp-content\/uploads\/2022\/12\/DSCF1940-768x512.jpg 768w, https:\/\/www.urbexstalker.com\/wp-content\/uploads\/2022\/12\/DSCF1940.jpg 1200w\" sizes=\"auto, (max-width: 1024px) 100vw, 1024px\" \/><\/figure>\n\n\n\n<figure class=\"wp-block-image size-large\"><img loading=\"lazy\" decoding=\"async\" width=\"1024\" height=\"683\" src=\"https:\/\/www.urbexstalker.com\/wp-content\/uploads\/2022\/12\/DSCF1949-1024x683.jpg\" alt=\"Pal\u00e1cio da Dona Chica\" class=\"wp-image-22836\" srcset=\"https:\/\/www.urbexstalker.com\/wp-content\/uploads\/2022\/12\/DSCF1949-1024x683.jpg 1024w, https:\/\/www.urbexstalker.com\/wp-content\/uploads\/2022\/12\/DSCF1949-300x200.jpg 300w, https:\/\/www.urbexstalker.com\/wp-content\/uploads\/2022\/12\/DSCF1949-768x512.jpg 768w, https:\/\/www.urbexstalker.com\/wp-content\/uploads\/2022\/12\/DSCF1949.jpg 1200w\" sizes=\"auto, (max-width: 1024px) 100vw, 1024px\" \/><\/figure>\n\n\n\n<h2 class=\"wp-block-heading\">Ricchezza, feste e lusso<\/h2>\n\n\n\n<p class=\"wp-block-paragraph\">Dona Chica non si limita all&#8217;ambiente conservatore della campagna portoghese e presto inizia a <strong>sperperare denaro in feste<\/strong>, <strong>lusso<\/strong> e nella <strong>costruzione del palazzo dei suoi sogni<\/strong> con l&#8217;unico scopo di <strong>ospitare delle grandiose feste e i suoi ospiti<\/strong>.<\/p>\n\n\n\n<p class=\"wp-block-paragraph\">Dona Chica<strong> spende tutta l\u2019eredit\u00e0<\/strong> per costruire questo magnifico palazzo senza per\u00f2 mai viverci. Dopo essere <strong>rimasta vedova<\/strong> due volte e con un figlio, Francisca <strong>torna in Brasile<\/strong> dove si risposa e rimane fino al <strong>1960<\/strong>, <strong>anno della sua morte<\/strong>. Prima di partire per il Brasile, si narra che Dona Chica <strong>maledisse il palazzo<\/strong>: &#8220;Vieni, Castelo, non sarai mai finito n\u00e9 abitato!&#8221;<\/p>\n\n\n\n<figure class=\"wp-block-gallery has-nested-images columns-default is-cropped wp-block-gallery-3 is-layout-flex wp-block-gallery-is-layout-flex\">\n<figure class=\"wp-block-image size-large\"><img loading=\"lazy\" decoding=\"async\" width=\"1024\" height=\"683\" data-id=\"22845\" src=\"https:\/\/www.urbexstalker.com\/wp-content\/uploads\/2022\/12\/DSCF1947-1024x683.jpg\" alt=\"Pal\u00e1cio da Dona Chica\" class=\"wp-image-22845\" srcset=\"https:\/\/www.urbexstalker.com\/wp-content\/uploads\/2022\/12\/DSCF1947-1024x683.jpg 1024w, https:\/\/www.urbexstalker.com\/wp-content\/uploads\/2022\/12\/DSCF1947-300x200.jpg 300w, https:\/\/www.urbexstalker.com\/wp-content\/uploads\/2022\/12\/DSCF1947-768x512.jpg 768w, https:\/\/www.urbexstalker.com\/wp-content\/uploads\/2022\/12\/DSCF1947.jpg 1200w\" sizes=\"auto, (max-width: 1024px) 100vw, 1024px\" \/><\/figure>\n\n\n\n<figure class=\"wp-block-image size-large\"><img loading=\"lazy\" decoding=\"async\" width=\"1024\" height=\"683\" data-id=\"22839\" src=\"https:\/\/www.urbexstalker.com\/wp-content\/uploads\/2022\/12\/DSCF1952-1024x683.jpg\" alt=\"Pal\u00e1cio da Dona Chica\" class=\"wp-image-22839\" srcset=\"https:\/\/www.urbexstalker.com\/wp-content\/uploads\/2022\/12\/DSCF1952-1024x683.jpg 1024w, https:\/\/www.urbexstalker.com\/wp-content\/uploads\/2022\/12\/DSCF1952-300x200.jpg 300w, https:\/\/www.urbexstalker.com\/wp-content\/uploads\/2022\/12\/DSCF1952-768x512.jpg 768w, https:\/\/www.urbexstalker.com\/wp-content\/uploads\/2022\/12\/DSCF1952.jpg 1200w\" sizes=\"auto, (max-width: 1024px) 100vw, 1024px\" \/><\/figure>\n<\/figure>\n\n\n\n<h2 class=\"wp-block-heading\">La controversia legale<\/h2>\n\n\n\n<p class=\"wp-block-paragraph\">Dopo essere stato acquistato dal Consiglio parrocchiale di Palmeira, nel 1990, per circa 95 mila euro, l&#8217;ente locale lo affitta a un&#8217;azienda turistica, <strong>IPALTUR<\/strong>. Questa, a sua volta, <strong>apporta miglioramenti<\/strong>, costruendo <strong>un&#8217;area per il tempo libero<\/strong> con bar, discoteca, ristorante e sale per riunioni e congressi.<\/p>\n\n\n\n<p class=\"wp-block-paragraph\">Con il &#8220;consenso&#8221; dell&#8217;autorit\u00e0 locale, l&#8217;IPALTUR ipoteca la propriet\u00e0 per 750 mila euro presso la <strong>Caixa Geral de Dep\u00f3sitos<\/strong>. Secondo l&#8217;accordo, per dieci anni il Comune non avrebbe ricevuto alcun affitto.<\/p>\n\n\n\n<p class=\"wp-block-paragraph\">Nel 1994 l&#8217;IPALTUR fallisce e la propriet\u00e0 viene venduta nel 1998 a un&#8217;asta pubblica alla Caixa Geral de Dep\u00f3sitos. L&#8217;istituto finanziario riesce a recuperare parte del suo credito, mentre gli altri creditori, circa 20, sono stati costretti ad andare in tribunale per riavere i loro soldi.<\/p>\n\n\n\n<p class=\"wp-block-paragraph\">Nel 2001<strong> il tribunale di Braga<\/strong> ha stabilito che la CGD dovesse pagare 2.250 mila euro agli altri creditori per i lavori di miglioramento effettuati dalla <strong>fallita IPALTUR nell&#8217;immobile<\/strong>. Questa decisione, nel novembre 2002, \u00e8 stata annullata dalla Corte d&#8217;Appello di Guimar\u00e3es, confermata poi dalla Corte Suprema di Giustizia nel giugno 2003.<\/p>\n\n\n\n<p class=\"wp-block-paragraph\">La propriet\u00e0 viene acquistata nel 2010 da un imprenditore immobiliare per poi essere rivenduta nel 2019.<\/p>\n\n\n\n<figure class=\"wp-block-gallery has-nested-images columns-default is-cropped wp-block-gallery-4 is-layout-flex wp-block-gallery-is-layout-flex\">\n<figure class=\"wp-block-image size-large\"><img loading=\"lazy\" decoding=\"async\" width=\"533\" height=\"800\" data-id=\"22848\" src=\"https:\/\/www.urbexstalker.com\/wp-content\/uploads\/2022\/12\/DSCF1950.jpg\" alt=\"Castelo de Palmeira\" class=\"wp-image-22848\" srcset=\"https:\/\/www.urbexstalker.com\/wp-content\/uploads\/2022\/12\/DSCF1950.jpg 533w, https:\/\/www.urbexstalker.com\/wp-content\/uploads\/2022\/12\/DSCF1950-200x300.jpg 200w\" sizes=\"auto, (max-width: 533px) 100vw, 533px\" \/><\/figure>\n\n\n\n<figure class=\"wp-block-image size-large\"><img loading=\"lazy\" decoding=\"async\" width=\"533\" height=\"800\" data-id=\"22860\" src=\"https:\/\/www.urbexstalker.com\/wp-content\/uploads\/2022\/12\/DSCF1941.jpg\" alt=\"Castelo de Palmeira\" class=\"wp-image-22860\" srcset=\"https:\/\/www.urbexstalker.com\/wp-content\/uploads\/2022\/12\/DSCF1941.jpg 533w, https:\/\/www.urbexstalker.com\/wp-content\/uploads\/2022\/12\/DSCF1941-200x300.jpg 200w\" sizes=\"auto, (max-width: 533px) 100vw, 533px\" \/><\/figure>\n<\/figure>\n\n\n\n<h2 class=\"wp-block-heading\">Architettura<\/h2>\n\n\n\n<p class=\"wp-block-paragraph\">L&#8217;edificio, che misura 84 piedi di lunghezza e 122 piedi di larghezza, \u00e8 realizzato per la maggior parte <strong>in granito<\/strong>. Si erge su quattro piani ed \u00e8 caratterizzato da un\u2019ampia variet\u00e0 di materiali e linguaggi e <strong>mescola riferimenti popolari ed eruditi<\/strong>, in uno <strong>stravagante eclettismo<\/strong> in cui si <strong>fondono stili dell&#8217;Art Nouveau<\/strong>, del <strong>Rinascimento<\/strong>, del <strong>Romanico<\/strong>, <strong>neogotici<\/strong>, <strong>neoarabi<\/strong> e &#8220;<strong>rustici<\/strong>&#8221; tipici dell&#8217;<strong>architettura neoromantica<\/strong>.<\/p>\n\n\n\n<p class=\"wp-block-paragraph\">Isolati, i volumi hanno una propria immagine e stabiliscono una connessione attraverso materiali ed elementi decorativi. Le finestre sono in legno o in ferro, o addirittura in entrambi i materiali. Il ferro \u00e8 utilizzato anche per la ringhiera, il coronamento del tetto e il mulino a vento. Si pu\u00f2 notare la ripetizione della &#8220;<strong>foglia d&#8217;edera<\/strong>&#8221; come <strong>elemento decorativo<\/strong>, sia nel disegno delle ringhiere in ferro, sia in alcune modanature in marmo, che nell\u2019applicazione di diversi <strong>motivi floreali<\/strong> nei capitelli dei vari colonnati e delle rose geometriche nelle chiusure degli archi ogivali. Le piastrelle sono colorate in verde.<\/p>\n\n\n\n<h2 class=\"wp-block-heading\">Il bosco<\/h2>\n\n\n\n<p class=\"wp-block-paragraph\">I boschi circostanti sono caratterizzati da una <strong>vegetazione esotica<\/strong> che conta il mandorlo brasiliano, il pau-santo, il pino brasiliano, la palma, l\u2019eucalipto, la japonica e da molte variet\u00e0 nazionali quali la quercia, il platano, il cedro, il pino marittimo, il castagno, il salice, la mimosa e la quercia da sughero. All\u2019interno della propriet\u00e0 \u00e8 presente un <strong>lago con una grotta con finte stalattiti<\/strong> per portare una visione romantica a imitazione del periodo medievale, riproducendo la natura, preferendo la &#8220;foresta&#8221; al geometrico giardino barocco.<\/p>\n\n\n\n<figure class=\"wp-block-gallery has-nested-images columns-default is-cropped wp-block-gallery-5 is-layout-flex wp-block-gallery-is-layout-flex\">\n<figure class=\"wp-block-image size-large\"><img loading=\"lazy\" decoding=\"async\" width=\"533\" height=\"800\" data-id=\"22851\" src=\"https:\/\/www.urbexstalker.com\/wp-content\/uploads\/2022\/12\/DSCF1951.jpg\" alt=\"Castelo de Palmeira\" class=\"wp-image-22851\" srcset=\"https:\/\/www.urbexstalker.com\/wp-content\/uploads\/2022\/12\/DSCF1951.jpg 533w, https:\/\/www.urbexstalker.com\/wp-content\/uploads\/2022\/12\/DSCF1951-200x300.jpg 200w\" sizes=\"auto, (max-width: 533px) 100vw, 533px\" \/><\/figure>\n\n\n\n<figure class=\"wp-block-image size-large\"><img loading=\"lazy\" decoding=\"async\" width=\"533\" height=\"800\" data-id=\"22833\" src=\"https:\/\/www.urbexstalker.com\/wp-content\/uploads\/2022\/12\/DSCF1955.jpg\" alt=\"Castelo da Dona Chica\" class=\"wp-image-22833\" srcset=\"https:\/\/www.urbexstalker.com\/wp-content\/uploads\/2022\/12\/DSCF1955.jpg 533w, https:\/\/www.urbexstalker.com\/wp-content\/uploads\/2022\/12\/DSCF1955-200x300.jpg 200w\" sizes=\"auto, (max-width: 533px) 100vw, 533px\" \/><\/figure>\n<\/figure>\n\n\n\n<h3 class=\"wp-block-heading\">Cronologia (Fonte: <a href=\"https:\/\/pt.wikipedia.org\/wiki\/Castelo_da_Dona_Chica\" rel=\"nofollow\">Wikipedia<\/a>)<\/h3>\n\n\n\n<p class=\"wp-block-paragraph\">1915 &#8211; Progetto dell&#8217;architetto svizzero, naturalizzato portoghese per matrimonio, Ernesto Korrodi, commissionato da Jo\u00e3o Jos\u00e9 Ferreira Rego;<\/p>\n\n\n\n<p class=\"wp-block-paragraph\">1919 &#8211; I lavori vengono sospesi, in una fase in cui l&#8217;interno dell&#8217;edificio \u00e8 ridotto alle sue strutture fondamentali; incompiuti, i lavori vengono preventivati, all&#8217;epoca, per 370 contos de r\u00e9is;<\/p>\n\n\n\n<p class=\"wp-block-paragraph\">1938 &#8211; L&#8217;edificio viene venduto, per 165 contos di r\u00e9is, a un nobile inglese che in seguito lo rivende, per 80 contos di r\u00e9is, al contabile del conte di Vizela, Alberto Torres de Figueiredo. Francisco Joaquim Alves de Macedo acquista la propriet\u00e0 e inizia i lavori al suo interno, senza alcun progetto di recupero, nel tentativo di far rivivere l&#8217;idea dei precedenti proprietari. Questo tentativo viene vanificato a causa delle molteplici divergenze sorte durante i lavori, in particolare con il Comune locale. Durante il restauro il poco che rimaneva degli elementi decorativi interni viene distrutto assieme alle ceramiche (azulejos, tegole e coppi), oltre alla soppressione di tutto il legno, base strutturale di tutti i pavimenti.<\/p>\n\n\n\n<p class=\"wp-block-paragraph\">XX secolo (seconda met\u00e0) &#8211; Acquisita dal Consiglio parrocchiale di Palmeira, che concede la propriet\u00e0 a IPALTUR, Investimentos Tur\u00edsticos, S.A. attraverso un contratto a lungo termine, rinnovabile;<\/p>\n\n\n\n<p class=\"wp-block-paragraph\">1985, 20 febbraio &#8211; Ordine di classificazione, con omologazione in Propriet\u00e0 di Interesse Pubblico (IIP);<\/p>\n\n\n\n<p class=\"wp-block-paragraph\">1992 &#8211; Adattamento, descritto come trasformazione, in uno spazio culturale e ricreativo, oltre che in un ristorante e altri servizi sociali e alberghieri, con progetto dell&#8217;architetto Paulo Tonet;<\/p>\n\n\n\n<p class=\"wp-block-paragraph\">1992, novembre &#8211; Joaquim Costa, direttore dell&#8217;IPALTUR, cede il palazzo alla societ\u00e0 &#8220;Veloso &#8211; Empreendimentos Tur\u00edsticos e Residenciais&#8221;, per pagare un presunto debito, non voluto dagli altri creditori;<\/p>\n\n\n\n<p class=\"wp-block-paragraph\">1993 &#8211; Presentazione dell&#8217;istanza di fallimento dell&#8217;IPALTUR, da parte della Caixa Geral de Dep\u00f3sitos, principale creditore dell&#8217;azienda, e destinazione incerta del possesso dell&#8217;immobile, in quanto ipotecato;<\/p>\n\n\n\n<p class=\"wp-block-paragraph\">1998 &#8211; Acquisizione della propriet\u00e0 da parte della Caixa Geral de Dep\u00f3sitos;<\/p>\n\n\n\n<p class=\"wp-block-paragraph\">2004 &#8211; La Caixa Geral de Dep\u00f3sitos vende la propriet\u00e0 all&#8217;asta pubblica per circa 2 milioni di euro alla societ\u00e0 immobiliare Europovoa &#8211; Constru\u00e7\u00f5es e Imobili\u00e1ria,Lda. con sede a P\u00f3voa do Varzim e guidata da Jos\u00e9 Campos.<\/p>\n\n\n\n<p class=\"wp-block-paragraph\">2006 &#8211; La propriet\u00e0 \u00e8 in vendita.<\/p>\n\n\n\n<p class=\"wp-block-paragraph\">2008 &#8211; L&#8217;immobile viene messo in vendita al prezzo di 2.250.000,00 euro.<\/p>\n\n\n\n<p class=\"wp-block-paragraph\">2009 &#8211; La propriet\u00e0 viene messa in vendita al prezzo di 2.500.000,00 euro.<\/p>\n\n\n\n<p class=\"wp-block-paragraph\">2013 &#8211; Il bene viene classificato come monumento di interesse pubblico per ordine del Segretario di Stato per la Cultura, una decisione che conferma che si tratta di &#8220;un valore culturale di importanza nazionale&#8221; e il cui definitivo deterioramento rappresenta un &#8220;grave danno al patrimonio culturale&#8221;. La decisione colloca il castello di Palmeira sotto protezione speciale.<\/p>\n\n\n\n<p class=\"wp-block-paragraph\">2014 &#8211; Viene acquistato da un imprenditore di P\u00f3voa de Varzim (PMA Constru\u00e7\u00f5es).<\/p>\n\n\n\n<p class=\"wp-block-paragraph\">2017 &#8211; L&#8217;immobile viene rimesso in vendita al prezzo di 1.250.000,00 euro<\/p>\n\n\n\n<p class=\"wp-block-paragraph\">2019 &#8211; Il castello viene venduto a due fratelli, uno emigrato negli Stati Uniti e l&#8217;altro residente in Portogallo, che intendono realizzare alcuni lavori di adattamento nello spazio circostante, per trasformarlo in una sede per eventi.<\/p>\n\n\n\n<p class=\"wp-block-paragraph\">2022 &#8211; Annuncio che i proprietari stanno preparando un progetto di riconversione dell&#8217;edificio a fini turistici, con diverse valenze, tra cui quella di hotel di charme.<\/p>\n\n\n\n<p class=\"wp-block-paragraph\"><strong>Posizione Urbex<\/strong>:<\/p>\n\n\n\n<iframe src=\"https:\/\/www.google.com\/maps\/embed?pb=!1m18!1m12!1m3!1d10830.228149212173!2d-8.445956822000046!3d41.58533058633792!2m3!1f0!2f0!3f0!3m2!1i1024!2i768!4f13.1!3m3!1m2!1s0xd24ff1c1921efbd%3A0x701374341c338c52!2sPal%C3%A1cio%20Dona%20Chica!5e0!3m2!1sit!2spt!4v1670754608970!5m2!1sit!2spt\" width=\"600\" height=\"450\" style=\"border:0;\" allowfullscreen=\"\" loading=\"lazy\" referrerpolicy=\"no-referrer-when-downgrade\"><\/iframe>\n","protected":false},"excerpt":{"rendered":"<p>Il Castelo da Dona Chica, conosciuto anche come Castelo de Palmeira, Castelo Villa Rego, Casa da Chica o Pal\u00e1cio da Dona Chica, si trova nella parrocchia di Palmeira, nel comune di Braga, in Portogallo. Si tratta di un palazzo dalle caratteristiche eclettiche in stile romantico, progettato dall&#8217;architetto svizzero Ernesto Korrodi. \u00c8 stato classificato come bene [&hellip;]<\/p>\n","protected":false},"author":3,"featured_media":22855,"comment_status":"open","ping_status":"open","sticky":false,"template":"","format":"standard","meta":{"footnotes":""},"categories":[359],"tags":[],"country":[393],"class_list":["post-22870","post","type-post","status-publish","format-standard","has-post-thumbnail","hentry","category-ville-e-palazzi-abbandonati","country-portogallo"],"yoast_head":"<!-- This site is optimized with the Yoast SEO plugin v28.3 - https:\/\/yoast.com\/product\/yoast-seo-wordpress\/ -->\n<title>Castelo de Palmeira - STALKER<\/title>\n<meta name=\"description\" content=\"Una maledizione tramandata dalla prima proprietaria vive nel castello abbandonato: &quot;Vieni, Castelo, non sarai mai finito n\u00e9 abitato!&quot;\" \/>\n<meta name=\"robots\" content=\"index, follow, max-snippet:-1, max-image-preview:large, max-video-preview:-1\" \/>\n<link rel=\"canonical\" href=\"https:\/\/www.urbexstalker.com\/it\/2022\/12\/11\/castelo-de-palmeira\/\" \/>\n<meta property=\"og:locale\" content=\"it_IT\" \/>\n<meta property=\"og:type\" content=\"article\" \/>\n<meta property=\"og:title\" content=\"Castelo de Palmeira - STALKER\" \/>\n<meta property=\"og:description\" content=\"Una maledizione tramandata dalla prima proprietaria vive nel castello abbandonato: &quot;Vieni, Castelo, non sarai mai finito n\u00e9 abitato!&quot;\" \/>\n<meta property=\"og:url\" content=\"https:\/\/www.urbexstalker.com\/it\/2022\/12\/11\/castelo-de-palmeira\/\" \/>\n<meta property=\"og:site_name\" content=\"STALKER\" \/>\n<meta property=\"article:publisher\" content=\"https:\/\/www.facebook.com\/UrBexStalker\" \/>\n<meta property=\"article:published_time\" content=\"2022-12-11T11:08:37+00:00\" \/>\n<meta property=\"article:modified_time\" content=\"2023-11-30T22:10:45+00:00\" \/>\n<meta property=\"og:image\" content=\"https:\/\/www.urbexstalker.com\/wp-content\/uploads\/2022\/12\/IMG_20221205_221140_635-01.jpg\" \/>\n\t<meta property=\"og:image:width\" content=\"1200\" \/>\n\t<meta property=\"og:image:height\" content=\"800\" \/>\n\t<meta property=\"og:image:type\" content=\"image\/jpeg\" \/>\n<meta name=\"author\" content=\"Jacopo\" \/>\n<meta name=\"twitter:card\" content=\"summary_large_image\" \/>\n<meta name=\"twitter:label1\" content=\"Scritto da\" \/>\n\t<meta name=\"twitter:data1\" content=\"Jacopo\" \/>\n\t<meta name=\"twitter:label2\" content=\"Tempo di lettura stimato\" \/>\n\t<meta name=\"twitter:data2\" content=\"8 minuti\" \/>\n<script type=\"application\/ld+json\" class=\"yoast-schema-graph\">{\"@context\":\"https:\\\/\\\/schema.org\",\"@graph\":[{\"@type\":\"Article\",\"@id\":\"https:\\\/\\\/www.urbexstalker.com\\\/it\\\/2022\\\/12\\\/11\\\/castelo-de-palmeira\\\/#article\",\"isPartOf\":{\"@id\":\"https:\\\/\\\/www.urbexstalker.com\\\/it\\\/2022\\\/12\\\/11\\\/castelo-de-palmeira\\\/\"},\"author\":{\"name\":\"Jacopo\",\"@id\":\"https:\\\/\\\/www.urbexstalker.com\\\/#\\\/schema\\\/person\\\/8380ca82ce9d6e58f0df239b2e3ff784\"},\"headline\":\"Castelo de Palmeira\",\"datePublished\":\"2022-12-11T11:08:37+00:00\",\"dateModified\":\"2023-11-30T22:10:45+00:00\",\"mainEntityOfPage\":{\"@id\":\"https:\\\/\\\/www.urbexstalker.com\\\/it\\\/2022\\\/12\\\/11\\\/castelo-de-palmeira\\\/\"},\"wordCount\":1280,\"commentCount\":0,\"publisher\":{\"@id\":\"https:\\\/\\\/www.urbexstalker.com\\\/#organization\"},\"image\":{\"@id\":\"https:\\\/\\\/www.urbexstalker.com\\\/it\\\/2022\\\/12\\\/11\\\/castelo-de-palmeira\\\/#primaryimage\"},\"thumbnailUrl\":\"https:\\\/\\\/www.urbexstalker.com\\\/wp-content\\\/uploads\\\/2022\\\/12\\\/IMG_20221205_221140_635-01.jpg\",\"articleSection\":[\"Ville e Palazzi\"],\"inLanguage\":\"it-IT\",\"potentialAction\":[{\"@type\":\"CommentAction\",\"name\":\"Comment\",\"target\":[\"https:\\\/\\\/www.urbexstalker.com\\\/it\\\/2022\\\/12\\\/11\\\/castelo-de-palmeira\\\/#respond\"]}]},{\"@type\":\"WebPage\",\"@id\":\"https:\\\/\\\/www.urbexstalker.com\\\/it\\\/2022\\\/12\\\/11\\\/castelo-de-palmeira\\\/\",\"url\":\"https:\\\/\\\/www.urbexstalker.com\\\/it\\\/2022\\\/12\\\/11\\\/castelo-de-palmeira\\\/\",\"name\":\"Castelo de Palmeira - STALKER\",\"isPartOf\":{\"@id\":\"https:\\\/\\\/www.urbexstalker.com\\\/#website\"},\"primaryImageOfPage\":{\"@id\":\"https:\\\/\\\/www.urbexstalker.com\\\/it\\\/2022\\\/12\\\/11\\\/castelo-de-palmeira\\\/#primaryimage\"},\"image\":{\"@id\":\"https:\\\/\\\/www.urbexstalker.com\\\/it\\\/2022\\\/12\\\/11\\\/castelo-de-palmeira\\\/#primaryimage\"},\"thumbnailUrl\":\"https:\\\/\\\/www.urbexstalker.com\\\/wp-content\\\/uploads\\\/2022\\\/12\\\/IMG_20221205_221140_635-01.jpg\",\"datePublished\":\"2022-12-11T11:08:37+00:00\",\"dateModified\":\"2023-11-30T22:10:45+00:00\",\"description\":\"Una maledizione tramandata dalla prima proprietaria vive nel castello abbandonato: \\\"Vieni, Castelo, non sarai mai finito n\u00e9 abitato!\\\"\",\"breadcrumb\":{\"@id\":\"https:\\\/\\\/www.urbexstalker.com\\\/it\\\/2022\\\/12\\\/11\\\/castelo-de-palmeira\\\/#breadcrumb\"},\"inLanguage\":\"it-IT\",\"potentialAction\":[{\"@type\":\"ReadAction\",\"target\":[\"https:\\\/\\\/www.urbexstalker.com\\\/it\\\/2022\\\/12\\\/11\\\/castelo-de-palmeira\\\/\"]}]},{\"@type\":\"ImageObject\",\"inLanguage\":\"it-IT\",\"@id\":\"https:\\\/\\\/www.urbexstalker.com\\\/it\\\/2022\\\/12\\\/11\\\/castelo-de-palmeira\\\/#primaryimage\",\"url\":\"https:\\\/\\\/www.urbexstalker.com\\\/wp-content\\\/uploads\\\/2022\\\/12\\\/IMG_20221205_221140_635-01.jpg\",\"contentUrl\":\"https:\\\/\\\/www.urbexstalker.com\\\/wp-content\\\/uploads\\\/2022\\\/12\\\/IMG_20221205_221140_635-01.jpg\",\"width\":1200,\"height\":800,\"caption\":\"Castelo de Palmeira\"},{\"@type\":\"BreadcrumbList\",\"@id\":\"https:\\\/\\\/www.urbexstalker.com\\\/it\\\/2022\\\/12\\\/11\\\/castelo-de-palmeira\\\/#breadcrumb\",\"itemListElement\":[{\"@type\":\"ListItem\",\"position\":1,\"name\":\"Home\",\"item\":\"https:\\\/\\\/www.urbexstalker.com\\\/\"},{\"@type\":\"ListItem\",\"position\":2,\"name\":\"Portogallo\",\"item\":\"https:\\\/\\\/www.urbexstalker.com\\\/it\\\/countries\\\/portogallo\\\/\"},{\"@type\":\"ListItem\",\"position\":3,\"name\":\"Castelo de Palmeira\"}]},{\"@type\":\"WebSite\",\"@id\":\"https:\\\/\\\/www.urbexstalker.com\\\/#website\",\"url\":\"https:\\\/\\\/www.urbexstalker.com\\\/\",\"name\":\"STALKER\",\"description\":\"Documentary archive of abandoned places \u2014 50+ countries since 2016\",\"publisher\":{\"@id\":\"https:\\\/\\\/www.urbexstalker.com\\\/#organization\"},\"potentialAction\":[{\"@type\":\"SearchAction\",\"target\":{\"@type\":\"EntryPoint\",\"urlTemplate\":\"https:\\\/\\\/www.urbexstalker.com\\\/?s={search_term_string}\"},\"query-input\":{\"@type\":\"PropertyValueSpecification\",\"valueRequired\":true,\"valueName\":\"search_term_string\"}}],\"inLanguage\":\"it-IT\"},{\"@type\":\"Organization\",\"@id\":\"https:\\\/\\\/www.urbexstalker.com\\\/#organization\",\"name\":\"Urbex_Stalker\",\"alternateName\":\"Stalker\",\"url\":\"https:\\\/\\\/www.urbexstalker.com\\\/\",\"logo\":{\"@type\":\"ImageObject\",\"inLanguage\":\"it-IT\",\"@id\":\"https:\\\/\\\/www.urbexstalker.com\\\/#\\\/schema\\\/logo\\\/image\\\/\",\"url\":\"https:\\\/\\\/www.urbexstalker.com\\\/wp-content\\\/uploads\\\/2026\\\/06\\\/LOGO_URBEX_STALKER-500x500-1.png\",\"contentUrl\":\"https:\\\/\\\/www.urbexstalker.com\\\/wp-content\\\/uploads\\\/2026\\\/06\\\/LOGO_URBEX_STALKER-500x500-1.png\",\"width\":500,\"height\":499,\"caption\":\"Urbex_Stalker\"},\"image\":{\"@id\":\"https:\\\/\\\/www.urbexstalker.com\\\/#\\\/schema\\\/logo\\\/image\\\/\"},\"sameAs\":[\"https:\\\/\\\/www.facebook.com\\\/UrBexStalker\",\"https:\\\/\\\/www.instagram.com\\\/urbex_stalker\\\/\",\"https:\\\/\\\/www.youtube.com\\\/Stalker1979\"]},{\"@type\":\"Person\",\"@id\":\"https:\\\/\\\/www.urbexstalker.com\\\/#\\\/schema\\\/person\\\/8380ca82ce9d6e58f0df239b2e3ff784\",\"name\":\"Jacopo\",\"image\":{\"@type\":\"ImageObject\",\"inLanguage\":\"it-IT\",\"@id\":\"https:\\\/\\\/secure.gravatar.com\\\/avatar\\\/70d3197f96c5153026d85c0e80a1362c6759ba9f5c77ea832f312efb08c43051?s=96&d=mm&r=g\",\"url\":\"https:\\\/\\\/secure.gravatar.com\\\/avatar\\\/70d3197f96c5153026d85c0e80a1362c6759ba9f5c77ea832f312efb08c43051?s=96&d=mm&r=g\",\"contentUrl\":\"https:\\\/\\\/secure.gravatar.com\\\/avatar\\\/70d3197f96c5153026d85c0e80a1362c6759ba9f5c77ea832f312efb08c43051?s=96&d=mm&r=g\",\"caption\":\"Jacopo\"}}]}<\/script>\n<!-- \/ Yoast SEO plugin. -->","yoast_head_json":{"title":"Castelo de Palmeira - STALKER","description":"Una maledizione tramandata dalla prima proprietaria vive nel castello abbandonato: \"Vieni, Castelo, non sarai mai finito n\u00e9 abitato!\"","robots":{"index":"index","follow":"follow","max-snippet":"max-snippet:-1","max-image-preview":"max-image-preview:large","max-video-preview":"max-video-preview:-1"},"canonical":"https:\/\/www.urbexstalker.com\/it\/2022\/12\/11\/castelo-de-palmeira\/","og_locale":"it_IT","og_type":"article","og_title":"Castelo de Palmeira - STALKER","og_description":"Una maledizione tramandata dalla prima proprietaria vive nel castello abbandonato: \"Vieni, Castelo, non sarai mai finito n\u00e9 abitato!\"","og_url":"https:\/\/www.urbexstalker.com\/it\/2022\/12\/11\/castelo-de-palmeira\/","og_site_name":"STALKER","article_publisher":"https:\/\/www.facebook.com\/UrBexStalker","article_published_time":"2022-12-11T11:08:37+00:00","article_modified_time":"2023-11-30T22:10:45+00:00","og_image":[{"width":1200,"height":800,"url":"https:\/\/www.urbexstalker.com\/wp-content\/uploads\/2022\/12\/IMG_20221205_221140_635-01.jpg","type":"image\/jpeg"}],"author":"Jacopo","twitter_card":"summary_large_image","twitter_misc":{"Scritto da":"Jacopo","Tempo di lettura stimato":"8 minuti"},"schema":{"@context":"https:\/\/schema.org","@graph":[{"@type":"Article","@id":"https:\/\/www.urbexstalker.com\/it\/2022\/12\/11\/castelo-de-palmeira\/#article","isPartOf":{"@id":"https:\/\/www.urbexstalker.com\/it\/2022\/12\/11\/castelo-de-palmeira\/"},"author":{"name":"Jacopo","@id":"https:\/\/www.urbexstalker.com\/#\/schema\/person\/8380ca82ce9d6e58f0df239b2e3ff784"},"headline":"Castelo de Palmeira","datePublished":"2022-12-11T11:08:37+00:00","dateModified":"2023-11-30T22:10:45+00:00","mainEntityOfPage":{"@id":"https:\/\/www.urbexstalker.com\/it\/2022\/12\/11\/castelo-de-palmeira\/"},"wordCount":1280,"commentCount":0,"publisher":{"@id":"https:\/\/www.urbexstalker.com\/#organization"},"image":{"@id":"https:\/\/www.urbexstalker.com\/it\/2022\/12\/11\/castelo-de-palmeira\/#primaryimage"},"thumbnailUrl":"https:\/\/www.urbexstalker.com\/wp-content\/uploads\/2022\/12\/IMG_20221205_221140_635-01.jpg","articleSection":["Ville e Palazzi"],"inLanguage":"it-IT","potentialAction":[{"@type":"CommentAction","name":"Comment","target":["https:\/\/www.urbexstalker.com\/it\/2022\/12\/11\/castelo-de-palmeira\/#respond"]}]},{"@type":"WebPage","@id":"https:\/\/www.urbexstalker.com\/it\/2022\/12\/11\/castelo-de-palmeira\/","url":"https:\/\/www.urbexstalker.com\/it\/2022\/12\/11\/castelo-de-palmeira\/","name":"Castelo de Palmeira - STALKER","isPartOf":{"@id":"https:\/\/www.urbexstalker.com\/#website"},"primaryImageOfPage":{"@id":"https:\/\/www.urbexstalker.com\/it\/2022\/12\/11\/castelo-de-palmeira\/#primaryimage"},"image":{"@id":"https:\/\/www.urbexstalker.com\/it\/2022\/12\/11\/castelo-de-palmeira\/#primaryimage"},"thumbnailUrl":"https:\/\/www.urbexstalker.com\/wp-content\/uploads\/2022\/12\/IMG_20221205_221140_635-01.jpg","datePublished":"2022-12-11T11:08:37+00:00","dateModified":"2023-11-30T22:10:45+00:00","description":"Una maledizione tramandata dalla prima proprietaria vive nel castello abbandonato: \"Vieni, Castelo, non sarai mai finito n\u00e9 abitato!\"","breadcrumb":{"@id":"https:\/\/www.urbexstalker.com\/it\/2022\/12\/11\/castelo-de-palmeira\/#breadcrumb"},"inLanguage":"it-IT","potentialAction":[{"@type":"ReadAction","target":["https:\/\/www.urbexstalker.com\/it\/2022\/12\/11\/castelo-de-palmeira\/"]}]},{"@type":"ImageObject","inLanguage":"it-IT","@id":"https:\/\/www.urbexstalker.com\/it\/2022\/12\/11\/castelo-de-palmeira\/#primaryimage","url":"https:\/\/www.urbexstalker.com\/wp-content\/uploads\/2022\/12\/IMG_20221205_221140_635-01.jpg","contentUrl":"https:\/\/www.urbexstalker.com\/wp-content\/uploads\/2022\/12\/IMG_20221205_221140_635-01.jpg","width":1200,"height":800,"caption":"Castelo de Palmeira"},{"@type":"BreadcrumbList","@id":"https:\/\/www.urbexstalker.com\/it\/2022\/12\/11\/castelo-de-palmeira\/#breadcrumb","itemListElement":[{"@type":"ListItem","position":1,"name":"Home","item":"https:\/\/www.urbexstalker.com\/"},{"@type":"ListItem","position":2,"name":"Portogallo","item":"https:\/\/www.urbexstalker.com\/it\/countries\/portogallo\/"},{"@type":"ListItem","position":3,"name":"Castelo de Palmeira"}]},{"@type":"WebSite","@id":"https:\/\/www.urbexstalker.com\/#website","url":"https:\/\/www.urbexstalker.com\/","name":"STALKER","description":"Documentary archive of abandoned places \u2014 50+ countries since 2016","publisher":{"@id":"https:\/\/www.urbexstalker.com\/#organization"},"potentialAction":[{"@type":"SearchAction","target":{"@type":"EntryPoint","urlTemplate":"https:\/\/www.urbexstalker.com\/?s={search_term_string}"},"query-input":{"@type":"PropertyValueSpecification","valueRequired":true,"valueName":"search_term_string"}}],"inLanguage":"it-IT"},{"@type":"Organization","@id":"https:\/\/www.urbexstalker.com\/#organization","name":"Urbex_Stalker","alternateName":"Stalker","url":"https:\/\/www.urbexstalker.com\/","logo":{"@type":"ImageObject","inLanguage":"it-IT","@id":"https:\/\/www.urbexstalker.com\/#\/schema\/logo\/image\/","url":"https:\/\/www.urbexstalker.com\/wp-content\/uploads\/2026\/06\/LOGO_URBEX_STALKER-500x500-1.png","contentUrl":"https:\/\/www.urbexstalker.com\/wp-content\/uploads\/2026\/06\/LOGO_URBEX_STALKER-500x500-1.png","width":500,"height":499,"caption":"Urbex_Stalker"},"image":{"@id":"https:\/\/www.urbexstalker.com\/#\/schema\/logo\/image\/"},"sameAs":["https:\/\/www.facebook.com\/UrBexStalker","https:\/\/www.instagram.com\/urbex_stalker\/","https:\/\/www.youtube.com\/Stalker1979"]},{"@type":"Person","@id":"https:\/\/www.urbexstalker.com\/#\/schema\/person\/8380ca82ce9d6e58f0df239b2e3ff784","name":"Jacopo","image":{"@type":"ImageObject","inLanguage":"it-IT","@id":"https:\/\/secure.gravatar.com\/avatar\/70d3197f96c5153026d85c0e80a1362c6759ba9f5c77ea832f312efb08c43051?s=96&d=mm&r=g","url":"https:\/\/secure.gravatar.com\/avatar\/70d3197f96c5153026d85c0e80a1362c6759ba9f5c77ea832f312efb08c43051?s=96&d=mm&r=g","contentUrl":"https:\/\/secure.gravatar.com\/avatar\/70d3197f96c5153026d85c0e80a1362c6759ba9f5c77ea832f312efb08c43051?s=96&d=mm&r=g","caption":"Jacopo"}}]}},"_links":{"self":[{"href":"https:\/\/www.urbexstalker.com\/it\/wp-json\/wp\/v2\/posts\/22870","targetHints":{"allow":["GET"]}}],"collection":[{"href":"https:\/\/www.urbexstalker.com\/it\/wp-json\/wp\/v2\/posts"}],"about":[{"href":"https:\/\/www.urbexstalker.com\/it\/wp-json\/wp\/v2\/types\/post"}],"author":[{"embeddable":true,"href":"https:\/\/www.urbexstalker.com\/it\/wp-json\/wp\/v2\/users\/3"}],"replies":[{"embeddable":true,"href":"https:\/\/www.urbexstalker.com\/it\/wp-json\/wp\/v2\/comments?post=22870"}],"version-history":[{"count":2,"href":"https:\/\/www.urbexstalker.com\/it\/wp-json\/wp\/v2\/posts\/22870\/revisions"}],"predecessor-version":[{"id":24092,"href":"https:\/\/www.urbexstalker.com\/it\/wp-json\/wp\/v2\/posts\/22870\/revisions\/24092"}],"wp:featuredmedia":[{"embeddable":true,"href":"https:\/\/www.urbexstalker.com\/it\/wp-json\/wp\/v2\/media\/22855"}],"wp:attachment":[{"href":"https:\/\/www.urbexstalker.com\/it\/wp-json\/wp\/v2\/media?parent=22870"}],"wp:term":[{"taxonomy":"category","embeddable":true,"href":"https:\/\/www.urbexstalker.com\/it\/wp-json\/wp\/v2\/categories?post=22870"},{"taxonomy":"post_tag","embeddable":true,"href":"https:\/\/www.urbexstalker.com\/it\/wp-json\/wp\/v2\/tags?post=22870"},{"taxonomy":"country","embeddable":true,"href":"https:\/\/www.urbexstalker.com\/it\/wp-json\/wp\/v2\/country?post=22870"}],"curies":[{"name":"wp","href":"https:\/\/api.w.org\/{rel}","templated":true}]}}